{"id":964,"date":"2022-06-01T00:00:56","date_gmt":"2022-05-31T23:00:56","guid":{"rendered":"https:\/\/www.robertschuwer.nl\/muziek\/?p=964"},"modified":"2022-05-29T06:58:36","modified_gmt":"2022-05-29T05:58:36","slug":"componist-voornaam-achternaam-werk-toonsoort-opusnr-copy-copy-copy-copy-copy-4","status":"publish","type":"post","link":"https:\/\/www.robertschuwer.nl\/muziek\/?p=964","title":{"rendered":"Ludwig van Beethoven. Missa Solemnis in D, op. 123"},"content":{"rendered":"<div id=\"pl-964\"  class=\"panel-layout\" ><div id=\"pg-964-0\"  class=\"panel-grid panel-no-style\" ><div id=\"pgc-964-0-0\"  class=\"panel-grid-cell\" ><div id=\"panel-964-0-0-0\" class=\"so-panel widget widget_text panel-first-child panel-last-child\" data-index=\"0\" >\t\t\t<div class=\"textwidget\"><p>01-06-2022<\/p>\n<p>Ludwig van Beethoven (1770-1827) had tijdens zijn leven meerdere, veelal adellijke, personen die hem financieel ondersteunden. E\u00e9n van die personen was aartshertog Rudolf van Oostenrijk. Beethoven droeg onder meer de opera Fidelio aan hem op. Ter gelegenheid van diens installatie als aartsbisschop van Ollm\u00fctz in 1820 beloofde Beethoven hem in 1819 \u201c<em>Der Tag, wo ein Hochamt von mir zu den Feierlichkeiten f\u00fcr I.K.H. soll aufgef\u00fchrt werden, wird f\u00fcr mich der sch\u00f6nste meines Lebens sein; und Gott wird mich erleuchten, dass meine schwachen Kr\u00e4fte zur Verherrlichung dieses feierlichen Tages beitragen<\/em>\u201d (De dag waarop een door mij gecomponeerde hoogmis zal worden uitgevoerd gedurende de plechtigheden waarmee de benoeming van uwe keizerlijke hoogheid wordt gevierd zal de prachtigste dag van mijn leven zijn).<\/p>\n<p>Helaas duurde het componeren van zo\u2019n mis langer dan Beethoven gedacht had. Toen hij, geplaagd door prive problemen met zijn voogdijschap van zijn neef Karl, de deadline niet haalde gaf hij voorrang aan andere composities. Hoewel Beethoven geloofde in een opperste macht, ging hij niet regelmatig naar de kerk. Na vertaling van de tekst naar het Duits deed Beethoven daarom zorgvuldig onderzoek om er zeker van te zijn dat zijn toonzetting van de tekst nauwkeurig de sleutelelementen van de kerkelijke stijl zou weergeven binnen zijn eigen stijl. Er was bezorgdheid over de vraag of het zich ontwikkelende stuk al dan niet zou kunnen functioneren in een kerkelijke omgeving vanwege de toenemende lengte en het grote aantal musici dat nodig was om het uit te voeren. Uiteindelijk leverde hij het werk op in 1823 met op het voorblad de opdracht \u201c<em>Von Herzen \u2013 m\u00f6ge es zu Herzen gehen<\/em>\u201d. De eerste volledige uitvoering vond plaats in 1824 in Sint Petersburg. Het Kyri\u00eb, Credo en Agnus Dei werden als losse werken uitgevoerd tijdens een concert in Wenen in 1824, waarin ook de 9<sup>e<\/sup> symfonie zijn premi\u00e8re had.<\/p>\n<p>Het werk kent de delen die gewoonlijk in een mis te vinden zijn:<\/p>\n<ul>\n<li>Kyrie<\/li>\n<li>Gloria<\/li>\n<li>Credo<\/li>\n<li>Sanctus<\/li>\n<li>Agnus Dei<\/li>\n<\/ul>\n<p>Het wordt uitgevoerd door het hr-Sinfonieorchester en de Wiener Singverein o.l.v. Andr\u00e9s Orozco-Estrada<\/p>\n<\/div>\n\t\t<\/div><\/div><\/div><div id=\"pg-964-1\"  class=\"panel-grid panel-no-style\" ><div id=\"pgc-964-1-0\"  class=\"panel-grid-cell\" ><div id=\"panel-964-1-0-0\" class=\"so-panel widget widget_media_video panel-first-child panel-last-child\" data-index=\"1\" ><div style=\"width:100%;\" class=\"wp-video\"><video class=\"wp-video-shortcode\" id=\"video-964-1\" preload=\"metadata\" controls=\"controls\"><source type=\"video\/youtube\" src=\"https:\/\/www.youtube.com\/watch?v=hnrFUFVcDmc&#038;_=1\" \/><a href=\"https:\/\/www.youtube.com\/watch?v=hnrFUFVcDmc\">https:\/\/www.youtube.com\/watch?v=hnrFUFVcDmc<\/a><\/video><\/div><\/div><\/div><\/div><\/div>","protected":false},"excerpt":{"rendered":"<p>01-06-2022 Ludwig van Beethoven (1770-1827) had tijdens zijn leven meerdere, veelal adellijke, personen die hem financieel ondersteunden. E\u00e9n van die personen was aartshertog Rudolf van Oostenrijk. Beethoven droeg onder meer de opera Fidelio aan hem op. Ter gelegenheid van diens installatie als aartsbisschop van Ollm\u00fctz in 1820 beloofde Beethoven hem in 1819 \u201cDer Tag, wo [&hellip;]<\/p>\n","protected":false},"author":1,"featured_media":0,"comment_status":"closed","ping_status":"open","sticky":false,"template":"","format":"standard","meta":{"footnotes":""},"categories":[2],"tags":[3],"class_list":["post-964","post","type-post","status-publish","format-standard","hentry","category-componist","tag-beethoven"],"_links":{"self":[{"href":"https:\/\/www.robertschuwer.nl\/muziek\/index.php?rest_route=\/wp\/v2\/posts\/964","targetHints":{"allow":["GET"]}}],"collection":[{"href":"https:\/\/www.robertschuwer.nl\/muziek\/index.php?rest_route=\/wp\/v2\/posts"}],"about":[{"href":"https:\/\/www.robertschuwer.nl\/muziek\/index.php?rest_route=\/wp\/v2\/types\/post"}],"author":[{"embeddable":true,"href":"https:\/\/www.robertschuwer.nl\/muziek\/index.php?rest_route=\/wp\/v2\/users\/1"}],"replies":[{"embeddable":true,"href":"https:\/\/www.robertschuwer.nl\/muziek\/index.php?rest_route=%2Fwp%2Fv2%2Fcomments&post=964"}],"version-history":[{"count":4,"href":"https:\/\/www.robertschuwer.nl\/muziek\/index.php?rest_route=\/wp\/v2\/posts\/964\/revisions"}],"predecessor-version":[{"id":997,"href":"https:\/\/www.robertschuwer.nl\/muziek\/index.php?rest_route=\/wp\/v2\/posts\/964\/revisions\/997"}],"wp:attachment":[{"href":"https:\/\/www.robertschuwer.nl\/muziek\/index.php?rest_route=%2Fwp%2Fv2%2Fmedia&parent=964"}],"wp:term":[{"taxonomy":"category","embeddable":true,"href":"https:\/\/www.robertschuwer.nl\/muziek\/index.php?rest_route=%2Fwp%2Fv2%2Fcategories&post=964"},{"taxonomy":"post_tag","embeddable":true,"href":"https:\/\/www.robertschuwer.nl\/muziek\/index.php?rest_route=%2Fwp%2Fv2%2Ftags&post=964"}],"curies":[{"name":"wp","href":"https:\/\/api.w.org\/{rel}","templated":true}]}}