{"id":426,"date":"2020-11-04T00:00:23","date_gmt":"2020-11-04T00:00:23","guid":{"rendered":"http:\/\/www.robertschuwer.nl\/muziek\/?p=426"},"modified":"2020-12-22T08:09:40","modified_gmt":"2020-12-22T08:09:40","slug":"componist-voornaam-achternaam-werk-toonsoort-opusnr-114","status":"publish","type":"post","link":"https:\/\/www.robertschuwer.nl\/muziek\/?p=426","title":{"rendered":"Bed\u0159ich Smetana. M\u00e1 Vlast"},"content":{"rendered":"<div id=\"pl-426\"  class=\"panel-layout\" ><div id=\"pg-426-0\"  class=\"panel-grid panel-no-style\" ><div id=\"pgc-426-0-0\"  class=\"panel-grid-cell\" ><div id=\"panel-426-0-0-0\" class=\"so-panel widget widget_text panel-first-child panel-last-child\" data-index=\"0\" >\t\t\t<div class=\"textwidget\"><p>04-11-2020<\/p>\n<p>Het leven van de Tsjechische componist Bed\u0159ich Smetana (1824-1884) verliep niet steeds even vlotjes. Na zijn studie aan het conservatorium kon hij door een gift van de componist Franz Liszt in 1848 zijn eigen muziekschool stichten. In 1856 vertrok hij naar Zweden, maar zijn vrouw kon daar niet aarden door het koude weer zodat ze in 1859 weer terugkeerden naar Praag. Zijn vrouw stierf vlak na terugkeer en hij hertrouwde in 1860, vertrok weer naar Zweden, maar keerde in 1861 weer terug. Na terugkeer begon hij met het promoten van Tsjechische muziek. Hij werd bekend als de eerste componist die dergelijke muziek schreef. In 1874 werd hij korte tijd doof door syfilis die hij had opgelopen. Hij ging echter door met componeren. De voortschrijdende syfilis maakte echter dat hij in 1883 geestesziek werd zodat hij uiteindelijk werd opgenomen in een psychiatrische kliniek waar hij kort daarna stierf.<\/p>\n<p>Smetana is vooral bekend geworden door twee werken: de opera <em>De verkochte Bruid<\/em> en het symfonisch gedicht <em>M\u00e1 Vlast<\/em> (Mijn Vaderland). Dat laatste werk is deze week mijn keuze. Het werk is een verbeelding van het landschap, de geschiedenis en sagen en legenden uit de Bohemen. Het bestaat uit 6 delen:<\/p>\n<ol>\n<li>Vy\u0161ehrad (Het Hoge Kasteel Vy\u0161ehrad in Praag)<\/li>\n<li>Vltava (De Moldau; een rivier die langs Vy\u0161ehrad stroomt)<\/li>\n<li>\u0160\u00e1rka (Een legende over de Amazonenkoningin \u0160\u00e1rka)<\/li>\n<li>Z cesk\u00fdch luhu a h\u00e1ju (Uit Bohemens wouden en beemden)<\/li>\n<li>T\u00e1bor (de stad T\u00e1bor in Zuid Bohemen)<\/li>\n<li>Blan\u00edk (Strijd van Hussieten op de berg Blan\u00edk)<\/li>\n<\/ol>\n<p>De verbeelding van de verhalen achter ieder deel is een voorbeeld van wat programmamuziek wordt genoemd. Het kennen van die verhalen geeft je als luisteraar ook wat houvast bij het beluisteren en interpreteren van de muziek. De afzonderlijke delen zijn ieder apart in premi\u00e8re gegaan in de periode 1874-1880. Het meest bekend is deel 2 dat ook het meest wordt uitgevoerd. Smetana schreef daarover:<\/p>\n<p><em>&#8220;De compositie beschrijft de loop van de Vltava, beginnend bij de twee kleine bronnen, waarna de samenkomst volgt. De Vltava komt door bossen en weides, door het landschap waar boeren een bruiloft vieren, de dans van de waternimfen in het maanlicht: op nabij gelegen rotsen prijken kastelen, paleizen en ru\u00efnes. De Vltava stroomt St. Jans stroomversnellingen in, waarna hij verbreedt en naar Praag stroomt langs kasteel Vy\u0161ehrad. Dan verdwijnt hij magisch in de verte, eindigend in de Elbe.&#8221;<\/em><\/p>\n<p>Deel 5 en 6 zijn tegelijk in premi\u00e8re gegaan omdat ze ook aan elkaar verwant zijn. Het beschrijft de oorlogen in de 15<sup>e<\/sup> eeuw waarbij de Hussieten (volgelingen van de kerkhervormer Jan Hus) hun religieuze overtuigingen bevochten. Het verhaal van Blan\u00edk begint op het moment dat de Hussieten een nederlaag hebben geleden en zich terugtrekken op de berg\u00a0Blan\u00edk. Volgens de overlevering vielen ze daar in slaap, in afwachting van het moment dat ze weer voor hun vaderland moesten vechten. Smetana maakt hier, net als in T\u00e1bor, gebruik van de\u00a0hymne\u00a0van de Hussieten, &#8216;Gij strijders voor God&#8217;, om de tocht van de ridders naar de berg Blan\u00edk met een thema, door het orkest in hoog tempo uitgevoerd, te begeleiden.<\/p>\n<p>Eeuwen later, terwijl de ridders slapen, klinkt op de berghellingen de fluit van een herdersjongen. Een hoorn antwoordt dat de ridders nog altijd bereid zijn voor het vervolg van de strijd. Ten slotte keren thema&#8217;s terug uit\u00a0<em>Vy\u0161ehrad<\/em>, het eerste gedicht van\u00a0<em>M\u00e1 Vlast<\/em>. Deze thema&#8217;s vertegenwoordigen een nationaal symbool van de Tsjechen &#8211; de rots\u00a0Vy\u0161ehrad, gelegen aan de Moldau (Vltava), in Praag &#8211; en, met hun edele en majesteitelijke\u00a0akkoorden, de glorie van Bohemen. Hiermee wordt de cirkel in dit werk voltooid.<\/p>\n<p>Het werk wordt uitgevoerd door de Wiener Philharmoniker o.l.v. James Levine<\/p>\n<p>De informatie in deze post is gebaseerd op artikelen uit de Wikipedia.<\/p>\n<\/div>\n\t\t<\/div><\/div><\/div><div id=\"pg-426-1\"  class=\"panel-grid panel-no-style\" ><div id=\"pgc-426-1-0\"  class=\"panel-grid-cell\" ><div id=\"panel-426-1-0-0\" class=\"so-panel widget widget_media_video panel-first-child panel-last-child\" data-index=\"1\" ><div style=\"width:100%;\" class=\"wp-video\"><video class=\"wp-video-shortcode\" id=\"video-426-1\" preload=\"metadata\" controls=\"controls\"><source type=\"video\/youtube\" src=\"https:\/\/www.youtube.com\/watch?v=DWHPymWkNvM&#038;_=1\" \/><a href=\"https:\/\/www.youtube.com\/watch?v=DWHPymWkNvM\">https:\/\/www.youtube.com\/watch?v=DWHPymWkNvM<\/a><\/video><\/div><\/div><\/div><\/div><\/div>","protected":false},"excerpt":{"rendered":"<p>04-11-2020 Het leven van de Tsjechische componist Bed\u0159ich Smetana (1824-1884) verliep niet steeds even vlotjes. Na zijn studie aan het conservatorium kon hij door een gift van de componist Franz Liszt in 1848 zijn eigen muziekschool stichten. In 1856 vertrok hij naar Zweden, maar zijn vrouw kon daar niet aarden door het koude weer zodat [&hellip;]<\/p>\n","protected":false},"author":1,"featured_media":0,"comment_status":"closed","ping_status":"open","sticky":false,"template":"","format":"standard","meta":{"footnotes":""},"categories":[2],"tags":[64],"class_list":["post-426","post","type-post","status-publish","format-standard","hentry","category-componist","tag-smetana"],"_links":{"self":[{"href":"https:\/\/www.robertschuwer.nl\/muziek\/index.php?rest_route=\/wp\/v2\/posts\/426","targetHints":{"allow":["GET"]}}],"collection":[{"href":"https:\/\/www.robertschuwer.nl\/muziek\/index.php?rest_route=\/wp\/v2\/posts"}],"about":[{"href":"https:\/\/www.robertschuwer.nl\/muziek\/index.php?rest_route=\/wp\/v2\/types\/post"}],"author":[{"embeddable":true,"href":"https:\/\/www.robertschuwer.nl\/muziek\/index.php?rest_route=\/wp\/v2\/users\/1"}],"replies":[{"embeddable":true,"href":"https:\/\/www.robertschuwer.nl\/muziek\/index.php?rest_route=%2Fwp%2Fv2%2Fcomments&post=426"}],"version-history":[{"count":2,"href":"https:\/\/www.robertschuwer.nl\/muziek\/index.php?rest_route=\/wp\/v2\/posts\/426\/revisions"}],"predecessor-version":[{"id":428,"href":"https:\/\/www.robertschuwer.nl\/muziek\/index.php?rest_route=\/wp\/v2\/posts\/426\/revisions\/428"}],"wp:attachment":[{"href":"https:\/\/www.robertschuwer.nl\/muziek\/index.php?rest_route=%2Fwp%2Fv2%2Fmedia&parent=426"}],"wp:term":[{"taxonomy":"category","embeddable":true,"href":"https:\/\/www.robertschuwer.nl\/muziek\/index.php?rest_route=%2Fwp%2Fv2%2Fcategories&post=426"},{"taxonomy":"post_tag","embeddable":true,"href":"https:\/\/www.robertschuwer.nl\/muziek\/index.php?rest_route=%2Fwp%2Fv2%2Ftags&post=426"}],"curies":[{"name":"wp","href":"https:\/\/api.w.org\/{rel}","templated":true}]}}