{"id":306,"date":"2020-03-04T00:00:01","date_gmt":"2020-03-04T00:00:01","guid":{"rendered":"http:\/\/www.robertschuwer.nl\/muziek\/?p=306"},"modified":"2020-12-21T15:01:56","modified_gmt":"2020-12-21T15:01:56","slug":"componist-voornaam-achternaam-werk-toonsoort-opusnr-79","status":"publish","type":"post","link":"https:\/\/www.robertschuwer.nl\/muziek\/?p=306","title":{"rendered":"Claude Debussy. Pr\u00e9lude \u00e0 l`apres midi d\u2019un faune"},"content":{"rendered":"<div id=\"pl-306\"  class=\"panel-layout\" ><div id=\"pg-306-0\"  class=\"panel-grid panel-no-style\" ><div id=\"pgc-306-0-0\"  class=\"panel-grid-cell\" ><div id=\"panel-306-0-0-0\" class=\"so-panel widget widget_text panel-first-child panel-last-child\" data-index=\"0\" >\t\t\t<div class=\"textwidget\"><p>04-03-2020<\/p>\n<p>Deze week een hernieuwde kennismaking met de Franse impressionistische componist Claude Debussy (1862-1918). Zoals ik bij een eerder werk van hem (augustus vorig jaar) al heb vermeld wordt het impressionisme gekenmerkt door veel aandacht voor sfeer bij de vastlegging van een subjectieve waarneming door de kunstenaar. Dat is heel sterk aanwezig bij het werk van deze week, de <em>Pr\u00e9lude \u00e0 l`apres midi d\u2019un faune<\/em>. Misschien al bekend bij jullie, maar ik wil het jullie toch niet onthouden. Het is wat ik wel noem wegdroom muziek. Als ik me wat opgefokt voel en behoefte heb aan afschakelen of even tot rust komen wil ik dit wel op mijn koptelefoon zetten. (Als ik meer tijd heb en behoefte heb aan afschakelen zet ik altijd Beethoven 9 erop en laat me helemaal meevoeren. Relaxed zijn na afloop gegarandeerd). Door de muziek voel je bijna de wat lome, warme middag, direct na de lunch. Je bent wat soezerig en dut misschien wel even weg.<\/p>\n<p>Uit de Wikipedia: \u201cDebussy liet zich bij het schrijven van zijn compositie inspireren door het gedicht L&#8217;apr\u00e8s-midi d&#8217;un faune van St\u00e9phane Mallarm\u00e9, dat met name in impressionistische kringen geliefd was. Eerder was het gedicht, dat verhaalt over een faun en zijn dagdromen op een zwoele namiddag, ook al op doek gezet door kunstschilder \u00c9douard Manet\u201d. Hij schreef daar zelf over: &#8220;De muziek van deze prelude is een zeer vrije illustratie van het schitterende gedicht van Mallarm\u00e9. In g\u00e9\u00e9n geval pretendeert ze een samenvatting van het gedicht te zijn. Je hebt in de muziek veel meer te maken met opeenvolgende sc\u00e8nes waarin de verlangens en de dromen van de faun in de hitte van de namiddag aan de orde komen. Vermoeid van het achtervolgen van de angstig vluchtende nimfen, geeft de faun zich uiteindelijk over aan een bedwelmende slaap, waarin zijn dromen van heerschappij over de Universele Natuur, eindelijk waar worden.&#8221;<\/p>\n<p>Een faun is een mythologisch wezen. Het heeft het achterlichaam van een bok, met gespleten hoeven, en het bovenlichaam van een mens. Het heeft hoorns op zijn hoofd. Een faun wordt vaak afgebeeld met een panfluit. In het stuk is daarom een prominente partij ingeruimd voor de eerste fluitist in het orkest.<\/p>\n<p>Ik heb gekozen voor een uitvoering door de Berliner Philharmoniker o.l.v. Claudio Abbado.<\/p>\n<\/div>\n\t\t<\/div><\/div><\/div><div id=\"pg-306-1\"  class=\"panel-grid panel-no-style\" ><div id=\"pgc-306-1-0\"  class=\"panel-grid-cell\" ><div id=\"panel-306-1-0-0\" class=\"so-panel widget widget_media_video panel-first-child panel-last-child\" data-index=\"1\" ><div style=\"width:100%;\" class=\"wp-video\"><video class=\"wp-video-shortcode\" id=\"video-306-1\" preload=\"metadata\" controls=\"controls\"><source type=\"video\/youtube\" src=\"https:\/\/www.youtube.com\/watch?v=aCphwVnD_hM&#038;_=1\" \/><a href=\"https:\/\/www.youtube.com\/watch?v=aCphwVnD_hM\">https:\/\/www.youtube.com\/watch?v=aCphwVnD_hM<\/a><\/video><\/div><\/div><\/div><\/div><\/div>","protected":false},"excerpt":{"rendered":"<p>04-03-2020 Deze week een hernieuwde kennismaking met de Franse impressionistische componist Claude Debussy (1862-1918). Zoals ik bij een eerder werk van hem (augustus vorig jaar) al heb vermeld wordt het impressionisme gekenmerkt door veel aandacht voor sfeer bij de vastlegging van een subjectieve waarneming door de kunstenaar. Dat is heel sterk aanwezig bij het werk [&hellip;]<\/p>\n","protected":false},"author":1,"featured_media":0,"comment_status":"closed","ping_status":"open","sticky":false,"template":"","format":"standard","meta":{"footnotes":""},"categories":[2],"tags":[41],"class_list":["post-306","post","type-post","status-publish","format-standard","hentry","category-componist","tag-debussy"],"_links":{"self":[{"href":"https:\/\/www.robertschuwer.nl\/muziek\/index.php?rest_route=\/wp\/v2\/posts\/306","targetHints":{"allow":["GET"]}}],"collection":[{"href":"https:\/\/www.robertschuwer.nl\/muziek\/index.php?rest_route=\/wp\/v2\/posts"}],"about":[{"href":"https:\/\/www.robertschuwer.nl\/muziek\/index.php?rest_route=\/wp\/v2\/types\/post"}],"author":[{"embeddable":true,"href":"https:\/\/www.robertschuwer.nl\/muziek\/index.php?rest_route=\/wp\/v2\/users\/1"}],"replies":[{"embeddable":true,"href":"https:\/\/www.robertschuwer.nl\/muziek\/index.php?rest_route=%2Fwp%2Fv2%2Fcomments&post=306"}],"version-history":[{"count":2,"href":"https:\/\/www.robertschuwer.nl\/muziek\/index.php?rest_route=\/wp\/v2\/posts\/306\/revisions"}],"predecessor-version":[{"id":308,"href":"https:\/\/www.robertschuwer.nl\/muziek\/index.php?rest_route=\/wp\/v2\/posts\/306\/revisions\/308"}],"wp:attachment":[{"href":"https:\/\/www.robertschuwer.nl\/muziek\/index.php?rest_route=%2Fwp%2Fv2%2Fmedia&parent=306"}],"wp:term":[{"taxonomy":"category","embeddable":true,"href":"https:\/\/www.robertschuwer.nl\/muziek\/index.php?rest_route=%2Fwp%2Fv2%2Fcategories&post=306"},{"taxonomy":"post_tag","embeddable":true,"href":"https:\/\/www.robertschuwer.nl\/muziek\/index.php?rest_route=%2Fwp%2Fv2%2Ftags&post=306"}],"curies":[{"name":"wp","href":"https:\/\/api.w.org\/{rel}","templated":true}]}}